{"id":3088,"date":"2020-01-28T11:47:59","date_gmt":"2020-01-28T10:47:59","guid":{"rendered":"https:\/\/opussimplex.com\/?p=3088"},"modified":"2020-12-17T11:11:10","modified_gmt":"2020-12-17T10:11:10","slug":"hogyan-valasszuk-adatvedelmi-tanacsadot","status":"publish","type":"post","link":"https:\/\/opussimplex.com\/english\/hogyan-valasszuk-adatvedelmi-tanacsadot\/","title":{"rendered":"Hogyan v\u00e1lasszuk adatv\u00e9delmi tan\u00e1csad\u00f3t?"},"content":{"rendered":"<p><span style=\"font-weight: 400;\">Az elm\u00falt p\u00e1r \u00e9vben megszaporodott az adatv\u00e9delmi tan\u00e1csad\u00f3k sz\u00e1ma nem csak Magyarorsz\u00e1gon, hanem Eur\u00f3pa-szerte. Az al\u00e1bbiakban bemutatjuk azokat a szempontokat, amik v\u00e9lem\u00e9ny\u00fcnk szerint egy j\u00f3 adatv\u00e9delmi tan\u00e1csad\u00f3 ism\u00e9rvei:<\/span><\/p>\n<ol>\n<li>Szakmai felk\u00e9sz\u00fclts\u00e9g<br \/>\nAz adatv\u00e9delmi tan\u00e1csad\u00e1s nem v\u00e9gzetts\u00e9ghez k\u00f6t\u00f6tt tev\u00e9kenys\u00e9g. M\u00e9gis azt gondoljuk, hogy szakmailag igaz\u00e1n helyt\u00e1ll\u00f3 tan\u00e1csot a jogszab\u00e1lyok \u00e9rtelmez\u00e9s\u00e9hez \u00e9s alkalmaz\u00e1s\u00e1hoz \u00e9rt\u0151, jog\u00e1sz v\u00e9gzetts\u00e9g\u0171 tan\u00e1csad\u00f3 k\u00e9pes adni, aki egyben alkalmas a szab\u00e1lyzatok megsz\u00f6vegez\u00e9s\u00e9re, jogi \u00e1ll\u00e1spont megfogalmaz\u00e1s\u00e1ra, a hat\u00f3s\u00e1gok el\u0151tti k\u00e9pviseletre. Az Opus Simplex jogi t\u00e1mogat\u00e1s\u00e1t az adatv\u00e9delem ter\u00fclet\u00e9n az Opus Legal \u00e9s annak adatv\u00e9delmi \u00e9s adatbiztons\u00e1gi szakjog\u00e1sz koll\u00e9g\u00e1ja l\u00e1tja el, amely rendelkezik a fenti ism\u00e9rvekkel. Fontos felh\u00edvnunk a figyelmet arra, hogy az adatv\u00e9delmi megfelel\u00e9s nem puszt\u00e1n jogi, hanem inform\u00e1ci\u00f3technol\u00f3giai is. Ez\u00e9rt mindenk\u00e9ppen fontosnak tartjuk a t\u00e1rsas\u00e1gok IT ter\u00fclet\u00e9rt felel\u0151s koll\u00e9g\u00e1j\u00e1nak, besz\u00e1ll\u00edt\u00f3j\u00e1nak a bevon\u00e1s\u00e1t a megfelel\u00e9si folyamatba.<\/li>\n<li>\u00dcgyf\u00e9lk\u00f6zpont\u00fas\u00e1g<br \/>\nA hozz\u00e1nk \u00e9rkez\u0151 felk\u00e9r\u00e9sek alapj\u00e1n \u00e1ltal\u00e1nos tapasztalatunk, hogy az \u00dcgyf\u00e9l \u2013 tekintettel arra, hogy nem adatv\u00e9delmi szak\u00e9rt\u0151 \u2013 nincs felt\u00e9tlen\u00fcl tiszt\u00e1ban azzal, hogy pontosan mire is k\u00e9r aj\u00e1nlatot. A j\u00f3 adatv\u00e9delmi tan\u00e1csad\u00f3 ez\u00e9rt szerint\u00fcnk el\u0151sz\u00f6r meg\u00e9rti, hogy mire is van konkr\u00e9tan az adott t\u00e1rsas\u00e1gnak sz\u00fcks\u00e9ge \u00e9s ehhez igaz\u00edtja a tan\u00e1csad\u00e1si szolg\u00e1ltat\u00e1s\u00e1t.<\/li>\n<li>\u00c1tl\u00e1that\u00f3s\u00e1g<br \/>\nAz \u00fcgyf\u00e9lk\u00f6zpont\u00fas\u00e1ggal \u00f6sszef\u00fcgg\u0151 k\u00f6vetelm\u00e9ny, hogy az adatv\u00e9delmi tan\u00e1csad\u00f3 munk\u00e1ja \u00e1tl\u00e1that\u00f3 kell, hogy legyen. Az \u00e1tl\u00e1that\u00f3s\u00e1g k\u00f6vethet\u0151s\u00e9get \u00e9s sz\u00e1monk\u00e9rhet\u0151s\u00e9get is jelent, ennek megfelel\u0151en hasznos, ha a szolg\u00e1ltat\u00f3 m\u00e1r a megb\u00edz\u00e1s elej\u00e9n az \u00dcgyf\u00e9l tudom\u00e1s\u00e1ra hozza a v\u00e1llalt feladatok mennyis\u00e9g\u00e9t, fajt\u00e1j\u00e1t (mit kap a c\u00e9g k\u00e9zhez a tan\u00e1csad\u00e1s v\u00e9g\u00e9n) elv\u00e9gz\u00e9s\u00e9nek \u00fctemterv\u00e9t, \u00e9s az egyes feladatok elv\u00e9gz\u00e9s\u00e9hez sz\u00fcks\u00e9ges bels\u0151 t\u00e1mogat\u00e1s sz\u00fcks\u00e9gess\u00e9g\u00e9t.<\/li>\n<\/ol>","protected":false},"excerpt":{"rendered":"<p>Az elm\u00falt p\u00e1r \u00e9vben megszaporodott az adatv\u00e9delmi tan\u00e1csad\u00f3k sz\u00e1ma nem csak Magyarorsz\u00e1gon, hanem Eur\u00f3pa-szerte. Az al\u00e1bbiakban bemutatjuk azokat a szempontokat, amik v\u00e9lem\u00e9ny\u00fcnk szerint egy j\u00f3 adatv\u00e9delmi tan\u00e1csad\u00f3 ism\u00e9rvei: Szakmai felk\u00e9sz\u00fclts\u00e9g Az adatv\u00e9delmi tan\u00e1csad\u00e1s nem v\u00e9gzetts\u00e9ghez k\u00f6t\u00f6tt tev\u00e9kenys\u00e9g. M\u00e9gis azt gondoljuk, hogy szakmailag igaz\u00e1n helyt\u00e1ll\u00f3 tan\u00e1csot a jogszab\u00e1lyok \u00e9rtelmez\u00e9s\u00e9hez \u00e9s alkalmaz\u00e1s\u00e1hoz \u00e9rt\u0151, jog\u00e1sz v\u00e9gzetts\u00e9g\u0171 tan\u00e1csad\u00f3 k\u00e9pes&#8230;<\/p>\n<div class=\" [&hellip;]\"><a href=\"https:\/\/opussimplex.com\/english\/hogyan-valasszuk-adatvedelmi-tanacsadot\/\">Read More<\/a><\/div>\n","protected":false},"author":1,"featured_media":3707,"comment_status":"closed","ping_status":"closed","sticky":false,"template":"","format":"standard","meta":{"footnotes":""},"categories":[84],"tags":[93,91,92],"class_list":["post-3088","post","type-post","status-publish","format-standard","has-post-thumbnail","hentry","category-adatvedelem","tag-adatkezeles","tag-adatvedelmi-tanacsadas","tag-gdpr"],"_links":{"self":[{"href":"https:\/\/opussimplex.com\/english\/wp-json\/wp\/v2\/posts\/3088","targetHints":{"allow":["GET"]}}],"collection":[{"href":"https:\/\/opussimplex.com\/english\/wp-json\/wp\/v2\/posts"}],"about":[{"href":"https:\/\/opussimplex.com\/english\/wp-json\/wp\/v2\/types\/post"}],"author":[{"embeddable":true,"href":"https:\/\/opussimplex.com\/english\/wp-json\/wp\/v2\/users\/1"}],"replies":[{"embeddable":true,"href":"https:\/\/opussimplex.com\/english\/wp-json\/wp\/v2\/comments?post=3088"}],"version-history":[{"count":1,"href":"https:\/\/opussimplex.com\/english\/wp-json\/wp\/v2\/posts\/3088\/revisions"}],"predecessor-version":[{"id":3089,"href":"https:\/\/opussimplex.com\/english\/wp-json\/wp\/v2\/posts\/3088\/revisions\/3089"}],"wp:featuredmedia":[{"embeddable":true,"href":"https:\/\/opussimplex.com\/english\/wp-json\/wp\/v2\/media\/3707"}],"wp:attachment":[{"href":"https:\/\/opussimplex.com\/english\/wp-json\/wp\/v2\/media?parent=3088"}],"wp:term":[{"taxonomy":"category","embeddable":true,"href":"https:\/\/opussimplex.com\/english\/wp-json\/wp\/v2\/categories?post=3088"},{"taxonomy":"post_tag","embeddable":true,"href":"https:\/\/opussimplex.com\/english\/wp-json\/wp\/v2\/tags?post=3088"}],"curies":[{"name":"wp","href":"https:\/\/api.w.org\/{rel}","templated":true}]}}