{"id":3117,"date":"2020-02-03T07:42:14","date_gmt":"2020-02-03T06:42:14","guid":{"rendered":"https:\/\/opussimplex.com\/?p=3117"},"modified":"2020-12-17T11:07:18","modified_gmt":"2020-12-17T10:07:18","slug":"foglalkoztatasi-ado-es-tarsadalombiztositasi-tanacsadas","status":"publish","type":"post","link":"https:\/\/opussimplex.com\/english\/foglalkoztatasi-ado-es-tarsadalombiztositasi-tanacsadas\/","title":{"rendered":"Foglalkoztat\u00e1si ad\u00f3- \u00e9s t\u00e1rsadalombiztos\u00edt\u00e1si tan\u00e1csad\u00e1s"},"content":{"rendered":"<h3>\u00c1tfog\u00f3 \u201ec\u00e9ges\u201d k\u00e9pz\u00e9s<\/h3>\n<p>Jellemz\u0151en n\u00e9h\u00e1ny sz\u00e1z f\u0151s munkav\u00e1llal\u00f3i l\u00e9tsz\u00e1m eset\u00e9n j\u00f6n el az a pillanat, amikor a munk\u00e1ltat\u00f3nak rendszerszinten kell bizonyos foglalkoztat\u00e1si k\u00e9rd\u00e9seket kezelnie. A teljess\u00e9g ig\u00e9nye n\u00e9lk\u00fcl ilyenek lehetnek:<\/p>\n<ul>\n<li>a munkav\u00e1llal\u00f3k fegyelmi felel\u0151ss\u00e9ge (p\u00e9nz\u00fcgyi szankci\u00f3k alkalmaz\u00e1s\u00e1nak felt\u00e9telei),<\/li>\n<li>munkav\u00e1llal\u00f3i k\u00e1rokoz\u00e1sok kezel\u00e9se (elt\u0171n\u0151 k\u00e9szletek, t\u00f6nkrement eszk\u00f6z\u00f6k, gyorshajt\u00e1s \u00e9s parkol\u00e1si b\u00edrs\u00e1g a c\u00e9ges aut\u00f3val),<\/li>\n<li>munkaviszony megsz\u00fcntet\u00e9s, \u00e9s annak felt\u00e9telei (mi lehet a megsz\u00fcntet\u00e9s indoka, milyen m\u00f3don bizony\u00edthat\u00f3),<\/li>\n<li>munkaid\u0151-beoszt\u00e1sok k\u00e9sz\u00edt\u00e9se, t\u00fal\u00f3r\u00e1k minimaliz\u00e1l\u00e1sa,<\/li>\n<li>munkab\u00e9r elsz\u00e1mol\u00e1sa munkaid\u0151keretben.<\/li>\n<\/ul>\n<p>Ezek a k\u00e9rd\u00e9sek elker\u00fclhetetlen\u00fcl ig\u00e9nylik a HR szakemberek mellett olyan koll\u00e9g\u00e1k akt\u00edv k\u00f6zrem\u0171k\u00f6d\u00e9s\u00e9t is (pl. egy felmond\u00e1s indokol\u00e1sa vagy munkaid\u0151-beoszt\u00e1s tervez\u00e9se sor\u00e1n m\u0171szakvezet\u0151k\u00e9t, termel\u00e9si vezet\u0151k\u00e9t), akik kor\u00e1bban ak\u00e1r soha nem foglalkoztak ezekkel a k\u00e9rd\u00e9sekkel.<\/p>\n<h4>Mi\u00e9rt jobb, mint egy konferencia?<\/h4>\n<p>Az \u00e1ltal\u00e1nos munkajogi, foglalkoztat\u00e1si t\u00e1rgy\u00fa konferenci\u00e1k k\u00e9ts\u00e9gtelen\u00fcl hasznos inform\u00e1ci\u00f3kkal \u00e9s tud\u00e1ssal szolg\u00e1lnak a r\u00e9sztvev\u0151k sz\u00e1m\u00e1ra, de hat\u00e9konys\u00e1guk \u00e9s m\u00e9lys\u00e9g\u00fck nem m\u00e9rhet\u0151 \u00f6ssze egy j\u00f3l megszervezett bels\u0151 k\u00e9pz\u00e9ssel.<\/p>\n<ul>\n<li>A bels\u0151 k\u00e9pz\u00e9s munk\u00e1ltat\u00f3-specifikus k\u00e9rd\u00e9sekre f\u00f3kusz\u00e1l, \u00e9s a t\u00f6rv\u00e9nyi szab\u00e1lyok mellett kiterjed a munk\u00e1ltat\u00f3 kollekt\u00edv szerz\u0151d\u00e9s\u00e9re (KSZ) \u00e9s\/vagy bels\u0151 szab\u00e1lyzataira, gyakorlat\u00e1ra.<\/li>\n<li>Front\u00e1lis oktat\u00e1s helyett a p\u00e1rbesz\u00e9d jelleg\u0171. A hallgat\u00f3s\u00e1g \u201ebehozza\u201d a gyakorlatban felmer\u00fclt probl\u00e9m\u00e1kat. \u00cdgy p\u00e9ld\u00e1ul egy munkaid\u0151-beoszt\u00e1ssal kapcsolatos k\u00e9rd\u00e9st nem elvontan, hanem a konkr\u00e9t beoszt\u00e1son, munkarenden kereszt\u00fcl lehet meg\u00e9rteni.<\/li>\n<li>A rendelkez\u00e9sre \u00e1ll\u00f3 id\u0151 hat\u00e9konyabban kihaszn\u00e1lhat\u00f3. A k\u00e9pz\u00e9s nem tartalmaz a munk\u00e1ltat\u00f3 szempontj\u00e1b\u00f3l irrelev\u00e1ns t\u00e9m\u00e1kat.<\/li>\n<li>A megszerzett tud\u00e1s \u00e9ppen ez\u00e9rt sokkal egyszer\u0171bben \u00fcltethet\u0151 \u00e1t a gyakorlatba.<\/li>\n<\/ul>","protected":false},"excerpt":{"rendered":"<p>\u00c1tfog\u00f3 \u201ec\u00e9ges\u201d k\u00e9pz\u00e9s Jellemz\u0151en n\u00e9h\u00e1ny sz\u00e1z f\u0151s munkav\u00e1llal\u00f3i l\u00e9tsz\u00e1m eset\u00e9n j\u00f6n el az a pillanat, amikor a munk\u00e1ltat\u00f3nak rendszerszinten kell bizonyos foglalkoztat\u00e1si k\u00e9rd\u00e9seket kezelnie. A teljess\u00e9g ig\u00e9nye n\u00e9lk\u00fcl ilyenek lehetnek: a munkav\u00e1llal\u00f3k fegyelmi felel\u0151ss\u00e9ge (p\u00e9nz\u00fcgyi szankci\u00f3k alkalmaz\u00e1s\u00e1nak felt\u00e9telei), munkav\u00e1llal\u00f3i k\u00e1rokoz\u00e1sok kezel\u00e9se (elt\u0171n\u0151 k\u00e9szletek, t\u00f6nkrement eszk\u00f6z\u00f6k, gyorshajt\u00e1s \u00e9s parkol\u00e1si b\u00edrs\u00e1g a c\u00e9ges aut\u00f3val), munkaviszony megsz\u00fcntet\u00e9s, \u00e9s&#8230;<\/p>\n<div class=\" [&hellip;]\"><a href=\"https:\/\/opussimplex.com\/english\/foglalkoztatasi-ado-es-tarsadalombiztositasi-tanacsadas\/\">Read More<\/a><\/div>\n","protected":false},"author":1,"featured_media":3174,"comment_status":"closed","ping_status":"closed","sticky":false,"template":"","format":"standard","meta":{"footnotes":""},"categories":[87],"tags":[94,95],"class_list":["post-3117","post","type-post","status-publish","format-standard","has-post-thumbnail","hentry","category-munkajog-es-foglalkoztatas","tag-munkajog","tag-tb"],"_links":{"self":[{"href":"https:\/\/opussimplex.com\/english\/wp-json\/wp\/v2\/posts\/3117","targetHints":{"allow":["GET"]}}],"collection":[{"href":"https:\/\/opussimplex.com\/english\/wp-json\/wp\/v2\/posts"}],"about":[{"href":"https:\/\/opussimplex.com\/english\/wp-json\/wp\/v2\/types\/post"}],"author":[{"embeddable":true,"href":"https:\/\/opussimplex.com\/english\/wp-json\/wp\/v2\/users\/1"}],"replies":[{"embeddable":true,"href":"https:\/\/opussimplex.com\/english\/wp-json\/wp\/v2\/comments?post=3117"}],"version-history":[{"count":1,"href":"https:\/\/opussimplex.com\/english\/wp-json\/wp\/v2\/posts\/3117\/revisions"}],"predecessor-version":[{"id":3118,"href":"https:\/\/opussimplex.com\/english\/wp-json\/wp\/v2\/posts\/3117\/revisions\/3118"}],"wp:featuredmedia":[{"embeddable":true,"href":"https:\/\/opussimplex.com\/english\/wp-json\/wp\/v2\/media\/3174"}],"wp:attachment":[{"href":"https:\/\/opussimplex.com\/english\/wp-json\/wp\/v2\/media?parent=3117"}],"wp:term":[{"taxonomy":"category","embeddable":true,"href":"https:\/\/opussimplex.com\/english\/wp-json\/wp\/v2\/categories?post=3117"},{"taxonomy":"post_tag","embeddable":true,"href":"https:\/\/opussimplex.com\/english\/wp-json\/wp\/v2\/tags?post=3117"}],"curies":[{"name":"wp","href":"https:\/\/api.w.org\/{rel}","templated":true}]}}