{"id":4884,"date":"2024-12-17T11:38:43","date_gmt":"2024-12-17T10:38:43","guid":{"rendered":"https:\/\/opussimplex.com\/?p=4884"},"modified":"2024-12-17T11:38:43","modified_gmt":"2024-12-17T10:38:43","slug":"2025-05-29-hatosagi-ellenorzes-fokuszban-a-foglalkoztatasi-szabalyok","status":"publish","type":"post","link":"https:\/\/opussimplex.com\/english\/2025-05-29-hatosagi-ellenorzes-fokuszban-a-foglalkoztatasi-szabalyok\/","title":{"rendered":"2025.05.29. \u2013 Hat\u00f3s\u00e1gi ellen\u0151rz\u00e9s: F\u00f3kuszban a foglalkoztat\u00e1si szab\u00e1lyok"},"content":{"rendered":"<p>A Konferenciaszervez\u0151 Tud\u00e1smenedzsment Kft. online el\u0151ad\u00e1sa gyakorlati seg\u00edts\u00e9get ny\u00fajt a munkav\u00e1llal\u00f3k foglalkoztat\u00e1si jogviszony\u00e1nak rendezetts\u00e9g\u00e9vel \u00f6sszef\u00fcgg\u0151 hat\u00f3s\u00e1gi ellen\u0151rz\u00e9sekre t\u00f6rt\u00e9n\u0151 felk\u00e9sz\u00fcl\u00e9shez, mely ellen\u0151rz\u00e9si c\u00e9l a 2025. \u00e9vben kiemelt szempont a hat\u00f3s\u00e1gi ellen\u0151rz\u00e9sek sor\u00e1n.<\/p>\n<p><strong>A k\u00e9pz\u00e9s f\u0151 t\u00e9m\u00e1i<\/strong><\/p>\n<ul>\n<li>Az ellen\u0151rz\u00e9s t\u00e1rgyk\u00f6rei: mit \u00e9s mit nem ellen\u0151rizhet a hat\u00f3s\u00e1g?<\/li>\n<li>Elj\u00e1r\u00e1si hat\u00e1rid\u0151, a hat\u00f3s\u00e1gi ellen\u0151rz\u00e9s \u00e9s elj\u00e1r\u00e1s kapcsolata<\/li>\n<li>A t\u00e9ny\u00e1ll\u00e1s meg\u00e1llap\u00edt\u00e1sa, bizony\u00edt\u00e1s, a munk\u00e1ltat\u00f3 nyilatkozatainak szerepe<\/li>\n<li>A hat\u00f3s\u00e1g d\u00f6nt\u00e9sei: int\u00e9zked\u00e9sek, v\u00e9gz\u00e9sek, hat\u00e1rozatok<\/li>\n<li>Szankci\u00f3k a jogszab\u00e1lys\u00e9rt\u00e9sek\u00e9rt: t\u00e9teles \u00e9s m\u00e9rlegel\u00e9si jogk\u00f6rbe tartoz\u00f3 munka\u00fcgyi b\u00edrs\u00e1g<\/li>\n<li>A k\u00f6zigazgat\u00e1si szankci\u00f3k nyilv\u00e1ntart\u00e1sa, rendezetlen munka\u00fcgyi kapcsolatok<\/li>\n<li>Konzult\u00e1ci\u00f3s k\u00e9rd\u00e9sek<\/li>\n<\/ul>\n<p><strong>El\u0151ad\u00f3: dr. Tak\u00e1cs G\u00e1bor, <\/strong>munkajog\u00e1sz, az Opus Simplex Kft. egyik alap\u00edt\u00f3ja \u00e9s vezet\u0151je<\/p>\n<p><strong>Id\u0151pont: <\/strong>2025. m\u00e1jus 29. (cs\u00fct\u00f6rt\u00f6k), 9.30-11-30<\/p>\n<p><strong>\u00c9l\u0151 online k\u00f6zvet\u00edt\u00e9s ZOOM alkalmaz\u00e1son kereszt\u00fcl.<\/strong><\/p>\n<p><strong>R\u00e9szv\u00e9teli d\u00edj: <\/strong>brutt\u00f3 33.900 Ft\/f\u0151<\/p>\n<p>Tov\u00e1bbi r\u00e9szletekr\u0151l, el\u00e9rhet\u0151 kedvezm\u00e9nyekr\u0151l \u00e9s a jelentkez\u00e9si felt\u00e9telekr\u0151l ezen a linken olvashat:\u00a0<a href=\"https:\/\/konferenciaszervezo.hu\/events\/keszuljunk-fel-a-munkavallalok-foglalkoztatasi-jogviszonyanak-rendezettsegevel-osszefuggo-hatosagi-ellenorzesekre-fokuszban-a-foglalkoztatasi-szabalyok\/\">JELENTKEZ\u00c9S<\/a><\/p>","protected":false},"excerpt":{"rendered":"<p>A Konferenciaszervez\u0151 Tud\u00e1smenedzsment Kft. online el\u0151ad\u00e1sa gyakorlati seg\u00edts\u00e9get ny\u00fajt a munkav\u00e1llal\u00f3k foglalkoztat\u00e1si jogviszony\u00e1nak rendezetts\u00e9g\u00e9vel \u00f6sszef\u00fcgg\u0151 hat\u00f3s\u00e1gi ellen\u0151rz\u00e9sekre t\u00f6rt\u00e9n\u0151 felk\u00e9sz\u00fcl\u00e9shez, mely ellen\u0151rz\u00e9si c\u00e9l a 2025. \u00e9vben kiemelt szempont a hat\u00f3s\u00e1gi ellen\u0151rz\u00e9sek sor\u00e1n. A k\u00e9pz\u00e9s f\u0151 t\u00e9m\u00e1i Az ellen\u0151rz\u00e9s t\u00e1rgyk\u00f6rei: mit \u00e9s mit nem ellen\u0151rizhet a hat\u00f3s\u00e1g? Elj\u00e1r\u00e1si hat\u00e1rid\u0151, a hat\u00f3s\u00e1gi ellen\u0151rz\u00e9s \u00e9s elj\u00e1r\u00e1s kapcsolata A t\u00e9ny\u00e1ll\u00e1s&#8230;<\/p>\n<div class=\" [&hellip;]\"><a href=\"https:\/\/opussimplex.com\/english\/2025-05-29-hatosagi-ellenorzes-fokuszban-a-foglalkoztatasi-szabalyok\/\">Read More<\/a><\/div>\n","protected":false},"author":1,"featured_media":4488,"comment_status":"closed","ping_status":"closed","sticky":false,"template":"","format":"standard","meta":{"footnotes":""},"categories":[103,294],"tags":[],"class_list":["post-4884","post","type-post","status-publish","format-standard","has-post-thumbnail","hentry","category-kepzes","category-kozelgo-esemenyek"],"_links":{"self":[{"href":"https:\/\/opussimplex.com\/english\/wp-json\/wp\/v2\/posts\/4884","targetHints":{"allow":["GET"]}}],"collection":[{"href":"https:\/\/opussimplex.com\/english\/wp-json\/wp\/v2\/posts"}],"about":[{"href":"https:\/\/opussimplex.com\/english\/wp-json\/wp\/v2\/types\/post"}],"author":[{"embeddable":true,"href":"https:\/\/opussimplex.com\/english\/wp-json\/wp\/v2\/users\/1"}],"replies":[{"embeddable":true,"href":"https:\/\/opussimplex.com\/english\/wp-json\/wp\/v2\/comments?post=4884"}],"version-history":[{"count":1,"href":"https:\/\/opussimplex.com\/english\/wp-json\/wp\/v2\/posts\/4884\/revisions"}],"predecessor-version":[{"id":4885,"href":"https:\/\/opussimplex.com\/english\/wp-json\/wp\/v2\/posts\/4884\/revisions\/4885"}],"wp:featuredmedia":[{"embeddable":true,"href":"https:\/\/opussimplex.com\/english\/wp-json\/wp\/v2\/media\/4488"}],"wp:attachment":[{"href":"https:\/\/opussimplex.com\/english\/wp-json\/wp\/v2\/media?parent=4884"}],"wp:term":[{"taxonomy":"category","embeddable":true,"href":"https:\/\/opussimplex.com\/english\/wp-json\/wp\/v2\/categories?post=4884"},{"taxonomy":"post_tag","embeddable":true,"href":"https:\/\/opussimplex.com\/english\/wp-json\/wp\/v2\/tags?post=4884"}],"curies":[{"name":"wp","href":"https:\/\/api.w.org\/{rel}","templated":true}]}}