{"id":4994,"date":"2025-03-25T09:45:40","date_gmt":"2025-03-25T08:45:40","guid":{"rendered":"https:\/\/opussimplex.com\/?p=4994"},"modified":"2025-03-25T09:45:40","modified_gmt":"2025-03-25T08:45:40","slug":"2025-05-07-2025-05-28-munkaugyi-szakember-kepzes-3-alkalom","status":"publish","type":"post","link":"https:\/\/opussimplex.com\/english\/2025-05-07-2025-05-28-munkaugyi-szakember-kepzes-3-alkalom\/","title":{"rendered":"2025.05.07-2025.05.28 &#8211; Munka\u00fcgyi szakember k\u00e9pz\u00e9s (3 alkalom)"},"content":{"rendered":"<p>A Hunder MS Kft. \u00e1ltal szervezett online, \u00e1llami tan\u00fas\u00edtv\u00e1nyt ny\u00fajt\u00f3, h\u00e1rom el\u0151ad\u00e1sb\u00f3l \u00e1ll\u00f3 kurzus sor\u00e1n a r\u00e9sztvev\u0151k m\u00e9lyrehat\u00f3 ismereteket \u00e9s gyakorlati tan\u00e1csokat kapnak, ami seg\u00edti \u0151ket a munka\u00fcgyi kih\u00edv\u00e1sok hat\u00e9kony kezel\u00e9s\u00e9ben.<\/p>\n<p><strong>A k\u00e9pz\u00e9s f\u0151 t\u00e9m\u00e1i:<\/strong><\/p>\n<p><strong>Munkaszerz\u0151d\u00e9s megk\u00f6t\u00e9se, m\u00f3dos\u00edt\u00e1sa, megsz\u00fcntet\u00e9se<\/strong> (<strong>2025. m\u00e1jus 7.)<\/strong><\/p>\n<ul>\n<li>Amit minden munkaszerz\u0151d\u00e9snek tartalmaznia kell<\/li>\n<li>A munkak\u00f6r \u00e9s a munkak\u00f6ri le\u00edr\u00e1s jelent\u0151s\u00e9ge<\/li>\n<li>D\u00edjaz\u00e1s, munkaid\u0151, munkahely a munkaszerz\u0151d\u00e9sben<\/li>\n<li>Megfontoland\u00f3 lehet\u0151s\u00e9gek szerz\u0151d\u00e9sk\u00f6t\u00e9sn\u00e9l<\/li>\n<li>El\u00e1ll\u00e1s \u00e9s pr\u00f3baid\u0151 alatti felmond\u00e1s<\/li>\n<li>A munkaszerz\u0151d\u00e9s m\u00f3dos\u00edt\u00e1sa k\u00f6z\u00f6s megegyez\u00e9ssel<\/li>\n<li>Elt\u00e9r\u00e9s a munkaszerz\u0151d\u00e9st\u0151l utas\u00edt\u00e1ssal<\/li>\n<li>Amikor k\u00f6telez\u0151 a szerz\u0151d\u00e9st m\u00f3dos\u00edtani<\/li>\n<li>A munkav\u00e1llal\u00f3 \u00e1ltal kezdem\u00e9nyezett m\u00f3dos\u00edt\u00e1sok \u00faj szab\u00e1lyai<\/li>\n<li>A munkaviszony megsz\u00fcntet\u00e9s\u00e9nek \u00e1ltal\u00e1nos szab\u00e1lyai<\/li>\n<li>Keltez\u00e9s, al\u00e1\u00edr\u00e1s, k\u00f6zl\u00e9s, indokol\u00e1s<\/li>\n<li>A k\u00f6z\u00f6s megegyez\u00e9s el\u0151nyei<\/li>\n<li>Felmond\u00e1s \u00e9s azonnali hat\u00e1ly\u00fa felmond\u00e1s<\/li>\n<li>Szakmai konzult\u00e1ci\u00f3<\/li>\n<\/ul>\n<p><strong>Munka- \u00e9s pihen\u0151id\u0151, munkab\u00e9r (2025. m\u00e1jus 14.)<\/strong><\/p>\n<ul>\n<li>A munkaid\u0151 meghat\u00e1roz\u00e1sa a munkaszerz\u0151d\u00e9sben<\/li>\n<li>A munkaid\u0151 m\u00e9rt\u00e9ke \u00e9s beoszt\u00e1sa<\/li>\n<li>R\u00e9szmunkaid\u0151, r\u00f6videbb teljes munkaid\u0151: melyiket v\u00e1lasszuk?<\/li>\n<li>Speci\u00e1lis munkarendek: k\u00f6tetlen, osztott \u00e9s egyenl\u0151tlen beoszt\u00e1sok<\/li>\n<li>A munkaid\u0151 megszervez\u00e9se munkaid\u0151keretben<\/li>\n<li>A k\u00f6telez\u0151 pihen\u0151id\u0151k beoszt\u00e1sa<\/li>\n<li>A napi \u00e9s heti pihen\u0151id\u0151 beoszt\u00e1sa a K\u00faria leg\u00fajabb gyakorlata szerint<\/li>\n<li>A munka d\u00edjaz\u00e1s\u00e1nak alapjai, az egyenl\u0151 b\u00e9r elve<\/li>\n<li>Az alapb\u00e9r \u00e9s a minim\u00e1lb\u00e9r kapcsolata<\/li>\n<li>A k\u00f6telez\u0151 b\u00e9rp\u00f3tl\u00e9kok rendszere<\/li>\n<li>Jutalom \u00e9s egy\u00e9b adhat\u00f3 juttat\u00e1sok<\/li>\n<li>Elsz\u00e1mol\u00e1si k\u00e9rd\u00e9sek<\/li>\n<li>Szakmai konzult\u00e1ci\u00f3<\/li>\n<\/ul>\n<p><strong>K\u00f6lts\u00e9g- \u00e9s kock\u00e1zat-cs\u00f6kkent\u00e9s munkajogi eszk\u00f6z\u00f6kkel (2025. m\u00e1jus 28.)<\/strong><\/p>\n<ul>\n<li>Tippek a munkaszerz\u0151d\u00e9s megk\u00f6t\u00e9s\u00e9hez<\/li>\n<li>Mikor t\u00e9rhet\u00fcnk el a t\u00f6rv\u00e9nyt\u0151l a munk\u00e1ltat\u00f3 jav\u00e1ra?<\/li>\n<li>Szerz\u0151d\u00e9sk\u00f6t\u00e9s hat\u00e1rozott id\u0151re<\/li>\n<li>A kollekt\u00edv szerz\u0151d\u00e9sben \u00e9s az \u00fczemi meg\u00e1llapod\u00e1sban rejl\u0151 lehet\u0151s\u00e9gek<\/li>\n<li>A munk\u00e1ltat\u00f3 utas\u00edt\u00e1si joga: elt\u00e9r\u00e9s a munkaszerz\u0151d\u00e9sr\u0151l<\/li>\n<li>Rugalmas lehet\u0151s\u00e9gek a munkaid\u0151-szervez\u00e9sben<\/li>\n<li>A r\u00e9szmunkaid\u0151 el\u0151nyei<\/li>\n<li>A szabads\u00e1ggal kapcsolatos meg\u00e1llapod\u00e1sok<\/li>\n<li>Meg\u00e1llapod\u00e1s hosszabb teljes munkaid\u0151re, \u00f6nk\u00e9nt v\u00e1llalt t\u00falmunk\u00e1ra<\/li>\n<li>A d\u00edjaz\u00e1si rendszerben rejl\u0151 lehet\u0151s\u00e9gek: p\u00f3tl\u00e9krendszer, teljes\u00edtm\u00e9nyb\u00e9r, adhat\u00f3 juttat\u00e1sok<\/li>\n<li>A fegyelmi felel\u0151ss\u00e9g bevezet\u00e9s\u00e9nek el\u0151nyei \u00e9s keretei<\/li>\n<li>A munkav\u00e1llal\u00f3i k\u00e1rfelel\u0151ss\u00e9g jelent\u0151s\u00e9ge: eszk\u00f6z\u00f6k a k\u00f6nnyebb ig\u00e9ny\u00e9rv\u00e9nyes\u00edt\u00e9shez<\/li>\n<li>Kev\u00e9sb\u00e9 ismert foglalkoztat\u00e1si form\u00e1k el\u0151nyei: t\u00f6bb munk\u00e1ltat\u00f3s munkaviszony, munkak\u00f6r megoszt\u00e1s, beh\u00edv\u00e1s<\/li>\n<li>Sz\u00f6vetkezeti foglalkoztat\u00e1s<\/li>\n<li>Szakmai konzult\u00e1ci\u00f3<\/li>\n<\/ul>\n<p><strong>El\u0151ad\u00f3: <\/strong>Dr. K\u00e1rty\u00e1s G\u00e1bor, munkajog\u00e1sz (Opus Simplex Kft.)<\/p>\n<p><strong>Id\u0151pontok:<\/strong><\/p>\n<ul>\n<li>m\u00e1jus 7. (szerda), 9.00-13.30<\/li>\n<li>m\u00e1jus 14. (szerda), 9.00-13.30<\/li>\n<li>m\u00e1jus 28. (szerda), 9.00-13.30<\/li>\n<\/ul>\n<p>Online k\u00e9pz\u00e9s, Microsoft Teams alkalmaz\u00e1son kereszt\u00fcl.<\/p>\n<p><strong>R\u00e9szv\u00e9teli d\u00edj: <\/strong>10.000 Ft + \u00e1fa\/f\u0151<\/p>\n<p>Tov\u00e1bbi r\u00e9szletekr\u0151l, el\u00e9rhet\u0151 kedvezm\u00e9nyekr\u0151l \u00e9s a jelentkez\u00e9si felt\u00e9telekr\u0151l ezen a linken olvashat:\u00a0<a href=\"https:\/\/hunder.hu\/rendezvenyek\/344\">JELENTKEZ\u00c9S<\/a><\/p>","protected":false},"excerpt":{"rendered":"<p>A Hunder MS Kft. \u00e1ltal szervezett online, \u00e1llami tan\u00fas\u00edtv\u00e1nyt ny\u00fajt\u00f3, h\u00e1rom el\u0151ad\u00e1sb\u00f3l \u00e1ll\u00f3 kurzus sor\u00e1n a r\u00e9sztvev\u0151k m\u00e9lyrehat\u00f3 ismereteket \u00e9s gyakorlati tan\u00e1csokat kapnak, ami seg\u00edti \u0151ket a munka\u00fcgyi kih\u00edv\u00e1sok hat\u00e9kony kezel\u00e9s\u00e9ben. A k\u00e9pz\u00e9s f\u0151 t\u00e9m\u00e1i: Munkaszerz\u0151d\u00e9s megk\u00f6t\u00e9se, m\u00f3dos\u00edt\u00e1sa, megsz\u00fcntet\u00e9se (2025. m\u00e1jus 7.) Amit minden munkaszerz\u0151d\u00e9snek tartalmaznia kell A munkak\u00f6r \u00e9s a munkak\u00f6ri le\u00edr\u00e1s jelent\u0151s\u00e9ge D\u00edjaz\u00e1s,&#8230;<\/p>\n<div class=\" [&hellip;]\"><a href=\"https:\/\/opussimplex.com\/english\/2025-05-07-2025-05-28-munkaugyi-szakember-kepzes-3-alkalom\/\">Read More<\/a><\/div>\n","protected":false},"author":1,"featured_media":4593,"comment_status":"closed","ping_status":"closed","sticky":false,"template":"","format":"standard","meta":{"footnotes":""},"categories":[103,294,807,805,116,115,120,121],"tags":[],"class_list":["post-4994","post","type-post","status-publish","format-standard","has-post-thumbnail","hentry","category-kepzes","category-kozelgo-esemenyek","category-mt","category-munka-torvenykonyve","category-munkaber","category-munkaido","category-munkaszerzodes","category-munkaszerzodes-munkakor"],"_links":{"self":[{"href":"https:\/\/opussimplex.com\/english\/wp-json\/wp\/v2\/posts\/4994","targetHints":{"allow":["GET"]}}],"collection":[{"href":"https:\/\/opussimplex.com\/english\/wp-json\/wp\/v2\/posts"}],"about":[{"href":"https:\/\/opussimplex.com\/english\/wp-json\/wp\/v2\/types\/post"}],"author":[{"embeddable":true,"href":"https:\/\/opussimplex.com\/english\/wp-json\/wp\/v2\/users\/1"}],"replies":[{"embeddable":true,"href":"https:\/\/opussimplex.com\/english\/wp-json\/wp\/v2\/comments?post=4994"}],"version-history":[{"count":1,"href":"https:\/\/opussimplex.com\/english\/wp-json\/wp\/v2\/posts\/4994\/revisions"}],"predecessor-version":[{"id":4995,"href":"https:\/\/opussimplex.com\/english\/wp-json\/wp\/v2\/posts\/4994\/revisions\/4995"}],"wp:featuredmedia":[{"embeddable":true,"href":"https:\/\/opussimplex.com\/english\/wp-json\/wp\/v2\/media\/4593"}],"wp:attachment":[{"href":"https:\/\/opussimplex.com\/english\/wp-json\/wp\/v2\/media?parent=4994"}],"wp:term":[{"taxonomy":"category","embeddable":true,"href":"https:\/\/opussimplex.com\/english\/wp-json\/wp\/v2\/categories?post=4994"},{"taxonomy":"post_tag","embeddable":true,"href":"https:\/\/opussimplex.com\/english\/wp-json\/wp\/v2\/tags?post=4994"}],"curies":[{"name":"wp","href":"https:\/\/api.w.org\/{rel}","templated":true}]}}