{"id":4998,"date":"2025-03-27T14:26:09","date_gmt":"2025-03-27T13:26:09","guid":{"rendered":"https:\/\/opussimplex.com\/?p=4998"},"modified":"2025-03-27T14:26:09","modified_gmt":"2025-03-27T13:26:09","slug":"2025-09-17-2025-11-19-minositett-nemzetkozi-tb-szakerto-online-kepzes","status":"publish","type":"post","link":"https:\/\/opussimplex.com\/english\/2025-09-17-2025-11-19-minositett-nemzetkozi-tb-szakerto-online-kepzes\/","title":{"rendered":"2025.09.17.-2025.11.19. \u2013 Min\u0151s\u00edtett nemzetk\u00f6zi TB szak\u00e9rt\u0151 (online k\u00e9pz\u00e9s)"},"content":{"rendered":"<p>A Penta Uni\u00f3 Zrt. hi\u00e1nyp\u00f3tl\u00f3 k\u00e9pz\u00e9s\u00e9nek k\u00f6vetkez\u0151 k\u00f6re 2025. szeptember 17-\u00e9n indul.<\/p>\n<p><strong>Kinek aj\u00e1nlott a r\u00e9szv\u00e9tel?<\/strong><\/p>\n<p>Azoknak a t\u00e9ma ir\u00e1nt \u00e9rdekl\u0151d\u0151, b\u00e9rsz\u00e1mfejt\u00e9ssel, ad\u00f3z\u00e1ssal, t\u00e1rsadalombiztos\u00edt\u00e1si \u00fcgyint\u00e9z\u00e9ssel, k\u00f6nyvel\u00e9ssel foglalkoz\u00f3, hr r\u00e9szlegen dolgoz\u00f3 szakembereknek aj\u00e1nljuk, akik k\u00fclf\u00f6ld\u00f6n t\u00f6rt\u00e9n\u0151 munkav\u00e1llal\u00e1s, a k\u00fclf\u00f6ldi kik\u00fcldet\u00e9s vagy a k\u00fclf\u00f6ldi munkav\u00e1llal\u00f3k, v\u00e1llalkoz\u00f3k hazai foglalkoztat\u00e1s\u00e1nak munkajogi, idegenrend\u00e9szeti szab\u00e1lyoz\u00e1si k\u00f6rnyezet\u00e9vel, a szem\u00e9lyi j\u00f6vedelemad\u00f3 \u00e9s a t\u00e1rsadalombiztos\u00edt\u00e1si j\u00e1rul\u00e9k meg\u00e1llap\u00edt\u00e1s\u00e1nak el\u0151\u00edr\u00e1saival, valamint a t\u00e1rsadalombiztos\u00edt\u00e1si ell\u00e1t\u00e1sokra val\u00f3 jogosults\u00e1g szab\u00e1lyaival szeretn\u00e9k tud\u00e1sukat b\u0151v\u00edteni \u00e9s a nemzeti\/nemzetk\u00f6zi szab\u00e1lyokat megismerni.<\/p>\n<p><strong>A k\u00e9pz\u00e9s megkezd\u00e9s\u00e9nek felt\u00e9tele:<\/strong><\/p>\n<ul>\n<li>Fels\u0151fok\u00fa v\u00e9gzetts\u00e9g VAGY szakir\u00e1ny\u00fa (r\u00e9sz)szakk\u00e9pes\u00edt\u00e9s (tov\u00e1bb\u00e1: MTBSZE t\u00e1rsadalombiztos\u00edt\u00e1si \u00e9s b\u00e9r\u00fcgyi szakember certifik\u00e1t)<\/li>\n<li>Regisztr\u00e1ci\u00f3s d\u00edj kiegyenl\u00edt\u00e9se. (A k\u00e9pz\u00e9s d\u00edja 9.000 Ft regisztr\u00e1ci\u00f3s d\u00edjat tartalmaz, melyet a jelentkez\u00e9st k\u00f6vet\u0151en sz\u00e1ml\u00e1zunk. A k\u00e9pz\u00e9s indul\u00e1s\u00e1t megel\u0151z\u0151en feln\u0151ttk\u00e9pz\u00e9si szerz\u0151d\u00e9s ker\u00fcl megk\u00f6t\u00e9s\u00e9re, mely alapj\u00e1n sz\u00e1ml\u00e1zzuk a k\u00e9pz\u00e9si d\u00edj fennmarad\u00f3 r\u00e9sz\u00e9t.)<\/li>\n<\/ul>\n<p><strong>A k\u00e9pz\u00e9s f\u0151 t\u00e9m\u00e1i:<\/strong><\/p>\n<p><strong>Munkajog<\/strong><\/p>\n<ul>\n<li>Bevezet\u00e9s a harmadik orsz\u00e1gbeli \u00e1llampolg\u00e1rok foglalkoztat\u00e1s\u00e1nak szab\u00e1lyoz\u00e1s\u00e1ba<\/li>\n<li>Idegenrend\u00e9szeti szab\u00e1lyoz\u00e1s \u2013 a jogszer\u0171 foglalkoztat\u00e1s felt\u00e9telei<\/li>\n<li>Tart\u00f3s tart\u00f3zkod\u00e1st lehet\u0151v\u00e9 t\u00e9v\u0151 enged\u00e9lyek \u2013 a leggyakoribb enged\u00e9lyt\u00edpusok jellemz\u0151i, felsorol\u00e1sa<\/li>\n<li>Idegenrend\u00e9szeti elj\u00e1r\u00e1s \u2013 \u00f6sszevont k\u00e9relmez\u00e9si elj\u00e1r\u00e1s<\/li>\n<li>A harmadik orsz\u00e1gbeli \u00e1llampolg\u00e1rok foglalkoztat\u00e1s\u00e1ra ir\u00e1nyad\u00f3 munkajogi szab\u00e1lyoz\u00e1s<\/li>\n<li>Magyarok, Magyarorsz\u00e1gon foglalkoztatott k\u00fclf\u00f6ldiek k\u00fclf\u00f6ld\u00f6n t\u00f6rt\u00e9n\u0151 foglalkoztat\u00e1sa<\/li>\n<\/ul>\n<p><strong>Ad\u00f3z\u00e1s<\/strong><\/p>\n<ul>\n<li>Ad\u00f3k\u00f6telezetts\u00e9g meg\u00edt\u00e9l\u00e9se l\u00e9p\u00e9sr\u0151l-l\u00e9p\u00e9sre<\/li>\n<li>Nem \u00f6n\u00e1ll\u00f3 tev\u00e9kenys\u00e9gb\u0151l sz\u00e1rmaz\u00f3 j\u00f6vedelmek ad\u00f3ztat\u00e1sa (ad\u00f3ztat\u00e1si jog eld\u00f6nt\u00e9se OECD komment\u00e1r 15. Cikkelye alapj\u00e1n: fizet\u00e9s, b\u00e9r \u00e9s m\u00e1s hasonl\u00f3 d\u00edjaz\u00e1s<\/li>\n<li>\u00dcgyvezet\u0151k, igazgat\u00f3s\u00e1gi tagok d\u00edjaz\u00e1sa<\/li>\n<li>Munkav\u00e9gz\u00e9s helye nem egyezm\u00e9nyes orsz\u00e1gban (jellemz\u0151en k\u00fclf\u00f6ldi jogviszony \u00e9s kik\u00fcldet\u00e9s)<\/li>\n<li>Szja el\u0151legfizet\u00e9si szab\u00e1ly ismertet\u00e9se (kifizet\u0151 \u00e9s mag\u00e1nszem\u00e9ly oldal\u00e1r\u00f3l)<\/li>\n<li>K\u00fclf\u00f6ldi jogviszony l\u00e9tes\u00edt\u00e9se (munkaviszony, t\u00e1rsas- illetve egy\u00e9ni v\u00e1llalkoz\u00f3i jogviszony)<\/li>\n<li>\u00dczleti utaz\u00e1s, r\u00f6vid \u00e9s hossz\u00fat\u00e1v\u00fa kik\u00fcldet\u00e9s, k\u00fclszolg\u00e1lat<\/li>\n<li>Magyar Szja k\u00f6telezetts\u00e9g<\/li>\n<li>Magyar jogviszony l\u00e9tes\u00edt\u00e9se (munkaviszony, t\u00e1rsas- illetve egy\u00e9ni v\u00e1llalkoz\u00f3i jogviszony)<\/li>\n<li>\u00dczleti utaz\u00e1son, r\u00f6vid \u00e9s hossz\u00fat\u00e1v\u00fa kik\u00fcldet\u00e9sben Magyarorsz\u00e1gon<\/li>\n<li>P\u00e1rhuzamos munkav\u00e9gz\u00e9s, ing\u00e1z\u00e1s<\/li>\n<li>T\u00e1vmunk\u00e1ban Magyarorsz\u00e1gon v\u00e9gzett tev\u00e9kenys\u00e9g, digitalis nom\u00e1dok<\/li>\n<li>Vend\u00e9gmunk\u00e1sok foglalkoztat\u00e1s\u00e1val kapcsolatos saj\u00e1toss\u00e1gok<\/li>\n<\/ul>\n<p><strong>TB<\/strong><\/p>\n<ul>\n<li>T\u00e1rsadalombiztos\u00edt\u00e1si jog\u00e1ll\u00e1s meg\u00e1llap\u00edt\u00e1s\u00e1nak alapjai<\/li>\n<li>Munkav\u00e1llal\u00e1s, biztos\u00edt\u00e1s az Eur\u00f3pai Gazdas\u00e1gi T\u00e9rs\u00e9gben<\/li>\n<li>Munkav\u00e1llal\u00e1s, kik\u00fcldet\u00e9s a szoci\u00e1lis biztons\u00e1got szab\u00e1lyoz\u00f3 k\u00e9toldal\u00fa nemzetk\u00f6zi egyezm\u00e9nnyel \u00e9rintett orsz\u00e1gban<\/li>\n<li>Munkav\u00e1llal\u00e1s harmadik \u00e1llamban<\/li>\n<li>A t\u00e1vmunk\u00e1ban k\u00fclf\u00f6ld\u00f6n<\/li>\n<li>T\u00e1rsadalombiztos\u00edt\u00e1si k\u00f6telezetts\u00e9g meg\u00e1llap\u00edt\u00e1s\u00e1nak alapjai<\/li>\n<li>A magyar szab\u00e1lyok alkalmaz\u00e1sa<\/li>\n<li>Vend\u00e9gmunk\u00e1sok foglalkoztat\u00e1s\u00e1nak Tb. szab\u00e1lyai<\/li>\n<li>Magyarok k\u00fclf\u00f6ld\u00f6n<\/li>\n<li>A szoci\u00e1lis biztons\u00e1gi koordin\u00e1ci\u00f3t szab\u00e1lyoz\u00f3 uni\u00f3s rendeletek<\/li>\n<li>Munkav\u00e1llal\u00e1s \u00e9s tb. ell\u00e1t\u00e1sok k\u00e9toldal\u00fa nemzetk\u00f6zi egyezm\u00e9nnyel \u00e9rintett orsz\u00e1gban<\/li>\n<li>Munkav\u00e1llal\u00e1s \u00e9s tb. ell\u00e1t\u00e1sok harmadik orsz\u00e1gban<\/li>\n<li>K\u00fclf\u00f6ld\u00f6n t\u00e1vmunk\u00e1ban<\/li>\n<li>Uni\u00f3s tag\u00e1llam \u00e1llampolg\u00e1ra magyarorsz\u00e1gi munkav\u00e9gz\u00e9se eset\u00e9n a Tb ell\u00e1t\u00e1sok<\/li>\n<li>Bilater\u00e1lis egyezm\u00e9nyek alkalmaz\u00e1sa a magyar tb. ell\u00e1t\u00e1sok t\u00fckr\u00e9ben<\/li>\n<li>Harmadik \u00e1llamb\u00f3l \u00e9rkez\u0151 munkav\u00e1llal\u00f3k Tb ell\u00e1t\u00e1sai<\/li>\n<li>A magyar szab\u00e1lyok alkalmaz\u00e1sa<\/li>\n<li>Kik\u00fcldet\u00e9s eset\u00e9n a t\u00e1rsadalombiztos\u00edt\u00e1si ell\u00e1t\u00e1sok<\/li>\n<\/ul>\n<p><strong>Konzult\u00e1ci\u00f3:<\/strong><\/p>\n<p>A kurzus utols\u00f3 \u00f3r\u00e1j\u00e1n esettanulm\u00e1nyok seg\u00edts\u00e9g\u00e9vel ker\u00fcl rendszerez\u00e9sre a kurzus alatt kapott tud\u00e1s, az el\u0151ad\u00f3k konkr\u00e9t p\u00e9ld\u00e1kon mutatj\u00e1k be a felmer\u00fcl\u0151 k\u00e9rd\u00e9seket \u00e9s az azokra adand\u00f3 v\u00e1laszokat. Emellett a tananyaggal kapcsolatban felmer\u00fcl\u0151 \u00e1ltal\u00e1nos szakmai k\u00e9rd\u00e9sek megvitat\u00e1s\u00e1ra is lehet\u0151s\u00e9g lesz.<\/p>\n<p><strong>Vizsga:<\/strong><\/p>\n<p>A vizsga t\u00edpusa, teljes\u00edt\u00e9se: 120 perces online teszt (minimum teljes\u00edt\u00e9s: 60%)<\/p>\n<p>A vizsga d\u00edja: els\u0151 alkalom d\u00edjmentes, tov\u00e1bbi vizsga d\u00edja 14.980 Ft+\u00e1fa<\/p>\n<p>A vizsga sikeres teljes\u00edt\u00e9se eset\u00e9n a Magyar T\u00e1rsadalombiztos\u00edt\u00e1si \u00e9s B\u00e9r\u00fcgyi Szakemberek Egyes\u00fclete \u00e9s a PENTA UNI\u00d3 Zrt. \u00e1ltal ki\u00e1ll\u00edtott Certifik\u00e1t ker\u00fcl \u00e1tad\u00e1sra. A vizsga nem k\u00f6telez\u0151, azonban a tan\u00fas\u00edtv\u00e1ny ki\u00e1ll\u00edt\u00e1s\u00e1nak felt\u00e9tele.<\/p>\n<p><strong>El\u0151ad\u00f3k: <\/strong><\/p>\n<ul>\n<li><strong>dr. Pint\u00e9r Miriam, <\/strong>munkajog\u00e1sz, tan\u00e1csad\u00f3, Opus Simplex Kft.<\/li>\n<li><strong>Horv\u00e1thn\u00e9 Szab\u00f3 Be\u00e1ta,<\/strong> ad\u00f3szak\u00e9rt\u0151<\/li>\n<li><strong>Sz\u00e9ll Zolt\u00e1nn\u00e9, <\/strong>t\u00e1rsadalombiztos\u00edt\u00e1si szak\u00e9rt\u0151<\/li>\n<li><strong>dr. Bogd\u00e1n Zsuzsanna, <\/strong>t\u00e1rsadalombiztos\u00edt\u00e1si szak\u00e9rt\u0151<\/li>\n<\/ul>\n<p><strong>Id\u0151pont: <\/strong>2025. szeptember 17-t\u0151l 2025. november 19-ig, minden h\u00e9ten szerd\u00e1n (14.00-16.00)<\/p>\n<p><strong>R\u00e9szv\u00e9teli d\u00edj: <\/strong>198.000 Ft + \u00e1fa<\/p>\n<p>A k\u00e9pz\u00e9s k\u00f6zvet\u00edtett \u00c9L\u0150 online \u00f3r\u00e1k keret\u00e9ben val\u00f3sul meg, melyek b\u00e1rmikor visszan\u00e9zhet\u0151k.<\/p>\n<p>Tov\u00e1bbi r\u00e9szletekr\u0151l, el\u00e9rhet\u0151 kedvezm\u00e9nyekr\u0151l \u00e9s a jelentkez\u00e9si felt\u00e9telekr\u0151l ezen a linken olvashat:\u00a0<a href=\"https:\/\/www.penta.hu\/minositett-szakertok\/minositett-tb-szakerto-kepzes\/\"><u>JELENTKEZ\u00c9S<\/u><\/a><\/p>\n<p>&nbsp;<\/p>\n<p>&nbsp;<\/p>","protected":false},"excerpt":{"rendered":"<p>A Penta Uni\u00f3 Zrt. hi\u00e1nyp\u00f3tl\u00f3 k\u00e9pz\u00e9s\u00e9nek k\u00f6vetkez\u0151 k\u00f6re 2025. szeptember 17-\u00e9n indul. Kinek aj\u00e1nlott a r\u00e9szv\u00e9tel? Azoknak a t\u00e9ma ir\u00e1nt \u00e9rdekl\u0151d\u0151, b\u00e9rsz\u00e1mfejt\u00e9ssel, ad\u00f3z\u00e1ssal, t\u00e1rsadalombiztos\u00edt\u00e1si \u00fcgyint\u00e9z\u00e9ssel, k\u00f6nyvel\u00e9ssel foglalkoz\u00f3, hr r\u00e9szlegen dolgoz\u00f3 szakembereknek aj\u00e1nljuk, akik k\u00fclf\u00f6ld\u00f6n t\u00f6rt\u00e9n\u0151 munkav\u00e1llal\u00e1s, a k\u00fclf\u00f6ldi kik\u00fcldet\u00e9s vagy a k\u00fclf\u00f6ldi munkav\u00e1llal\u00f3k, v\u00e1llalkoz\u00f3k hazai foglalkoztat\u00e1s\u00e1nak munkajogi, idegenrend\u00e9szeti szab\u00e1lyoz\u00e1si k\u00f6rnyezet\u00e9vel, a szem\u00e9lyi j\u00f6vedelemad\u00f3 \u00e9s a&#8230;<\/p>\n<div class=\" [&hellip;]\"><a href=\"https:\/\/opussimplex.com\/english\/2025-09-17-2025-11-19-minositett-nemzetkozi-tb-szakerto-online-kepzes\/\">Read More<\/a><\/div>\n","protected":false},"author":1,"featured_media":4390,"comment_status":"closed","ping_status":"closed","sticky":false,"template":"","format":"standard","meta":{"footnotes":""},"categories":[103,294],"tags":[],"class_list":["post-4998","post","type-post","status-publish","format-standard","has-post-thumbnail","hentry","category-kepzes","category-kozelgo-esemenyek"],"_links":{"self":[{"href":"https:\/\/opussimplex.com\/english\/wp-json\/wp\/v2\/posts\/4998","targetHints":{"allow":["GET"]}}],"collection":[{"href":"https:\/\/opussimplex.com\/english\/wp-json\/wp\/v2\/posts"}],"about":[{"href":"https:\/\/opussimplex.com\/english\/wp-json\/wp\/v2\/types\/post"}],"author":[{"embeddable":true,"href":"https:\/\/opussimplex.com\/english\/wp-json\/wp\/v2\/users\/1"}],"replies":[{"embeddable":true,"href":"https:\/\/opussimplex.com\/english\/wp-json\/wp\/v2\/comments?post=4998"}],"version-history":[{"count":1,"href":"https:\/\/opussimplex.com\/english\/wp-json\/wp\/v2\/posts\/4998\/revisions"}],"predecessor-version":[{"id":4999,"href":"https:\/\/opussimplex.com\/english\/wp-json\/wp\/v2\/posts\/4998\/revisions\/4999"}],"wp:featuredmedia":[{"embeddable":true,"href":"https:\/\/opussimplex.com\/english\/wp-json\/wp\/v2\/media\/4390"}],"wp:attachment":[{"href":"https:\/\/opussimplex.com\/english\/wp-json\/wp\/v2\/media?parent=4998"}],"wp:term":[{"taxonomy":"category","embeddable":true,"href":"https:\/\/opussimplex.com\/english\/wp-json\/wp\/v2\/categories?post=4998"},{"taxonomy":"post_tag","embeddable":true,"href":"https:\/\/opussimplex.com\/english\/wp-json\/wp\/v2\/tags?post=4998"}],"curies":[{"name":"wp","href":"https:\/\/api.w.org\/{rel}","templated":true}]}}